[{"@context":"https:\/\/schema.org\/","@type":"Article","@id":"https:\/\/www.ecomont.cz\/proc-si-koupit-praci-gely-z-nemecka\/#Article","mainEntityOfPage":"https:\/\/www.ecomont.cz\/proc-si-koupit-praci-gely-z-nemecka\/","headline":"Pro\u010d si koupit prac\u00ed gely z N\u011bmecka","name":"Pro\u010d si koupit prac\u00ed gely z N\u011bmecka","description":"Jist\u011b se i k\u00a0v\u00e1m dostaly zpr\u00e1vy, \u017ee n\u011bkter\u00e9 produkty prod\u00e1van\u00e9 na na\u0161em trhu, se v\u00fdrazn\u011b li\u0161\u00ed od produkt\u016f, kter\u00e9 jsou prod\u00e1v\u00e1ny na jin\u00fdch trz\u00edch. Nap\u0159\u00edklad v\u00a0sousedn\u00edch zem\u00edch, jako je Rakousko, koup\u00edte Ariel s\u00a0jin\u00fdm slo\u017een\u00edm, ne\u017e ten, kter\u00fd se b\u011b\u017en\u011b prod\u00e1v\u00e1 u n\u00e1s. Zd\u00e1 se v\u00e1m to neuv\u011b\u0159iteln\u00e9? Bohu\u017eel je to pravda. Na\u0161t\u011bst\u00ed \u017eijeme v\u00a0dob\u00e1ch, kdy [&hellip;]","datePublished":"2024-11-06","dateModified":"2024-11-06","author":{"@type":"Person","@id":"https:\/\/www.ecomont.cz\/author\/#Person","name":"ecomont.cz\n","url":"https:\/\/www.ecomont.cz\/author\/","identifier":1,"image":{"@type":"ImageObject","@id":"https:\/\/secure.gravatar.com\/avatar\/baa231f7e1963b29d6549eb0e137b049d877d4e97c51386f463c7d4fc98329bd?s=96&d=mm&r=g","url":"https:\/\/secure.gravatar.com\/avatar\/baa231f7e1963b29d6549eb0e137b049d877d4e97c51386f463c7d4fc98329bd?s=96&d=mm&r=g","height":96,"width":96}},"publisher":{"@type":"Organization","name":"ecomont.cz","logo":{"@type":"ImageObject","@id":"\/logo.png","url":"\/logo.png","width":600,"height":60}},"url":"https:\/\/www.ecomont.cz\/proc-si-koupit-praci-gely-z-nemecka\/","wordCount":243,"articleBody":"\tJist\u011b se i k\u00a0v\u00e1m dostaly zpr\u00e1vy, \u017ee n\u011bkter\u00e9 produkty prod\u00e1van\u00e9 na na\u0161em trhu, se v\u00fdrazn\u011b li\u0161\u00ed od produkt\u016f, kter\u00e9 jsou prod\u00e1v\u00e1ny na jin\u00fdch trz\u00edch. Nap\u0159\u00edklad v\u00a0sousedn\u00edch zem\u00edch, jako je Rakousko, koup\u00edte Ariel s\u00a0jin\u00fdm slo\u017een\u00edm, ne\u017e ten, kter\u00fd se b\u011b\u017en\u011b prod\u00e1v\u00e1 u n\u00e1s. Zd\u00e1 se v\u00e1m to neuv\u011b\u0159iteln\u00e9? Bohu\u017eel je to pravda. Na\u0161t\u011bst\u00ed \u017eijeme v\u00a0dob\u00e1ch, kdy nakoupit zbo\u017e\u00ed, kter\u00e9 se prod\u00e1v\u00e1 na jin\u00e9m trhu, nen\u00ed a\u017e tak problematick\u00e9. Vyzkou\u0161ejte drogerii, kterou u n\u00e1s nese\u017eenete. Jej\u00ed kvalita v\u00e1s p\u0159esv\u011bd\u010d\u00ed, \u017ee m\u00e1 smysl s\u00e1hnout po jin\u00fdch zna\u010dk\u00e1ch.\tKr\u00e1sn\u011b vyb\u011bl\u00ed, dlouho von\u00edA bohu\u017eel to nen\u00ed stejn\u00fd prost\u0159edek, kter\u00fd koup\u00edte v\u00a0na\u0161ich obchodech. V\u00fdrobky, kter\u00e9 jsou dod\u00e1v\u00e1ny pro \u010desk\u00fd, slovensk\u00fd a polsk\u00fd trh jsou s\u00a0jin\u00fdm slo\u017een\u00edm a obsahuj\u00ed jin\u00fd pom\u011br \u00fa\u010dinn\u00fdch l\u00e1tek. Ji\u017e n\u011bkolikr\u00e1t jsme tuto skute\u010dnost zjistili u slo\u017een\u00ed potravin. A se stejn\u00fdm z\u00e1v\u011brem skon\u010d\u00edme, kdy\u017e porovn\u00e1me dostupnou drogerii. Prac\u00ed gely z\u00a0N\u011bmecka jsou zkr\u00e1tka lep\u0161\u00ed, d\u00e9le von\u00ed a na \u0161p\u00ednu jsou \u00fa\u010dinn\u011bj\u0161\u00ed. Nav\u00edc si m\u016f\u017eete vybrat i zna\u010dky, kter\u00e9 u n\u00e1s nejsou k\u00a0dost\u00e1n\u00ed v\u016fbec.                                                                                                                                                                                                                                                                                                                                                                                        5\/5 - (3 votes)        "},{"@context":"https:\/\/schema.org\/","@type":"BreadcrumbList","itemListElement":[{"@type":"ListItem","position":1,"name":"Pro\u010d si koupit prac\u00ed gely z N\u011bmecka","item":"https:\/\/www.ecomont.cz\/proc-si-koupit-praci-gely-z-nemecka\/#breadcrumbitem"}]}]